{"id":3002,"date":"2023-04-13T16:18:25","date_gmt":"2023-04-13T16:18:25","guid":{"rendered":"https:\/\/shop.iconikair.com\/?p=3002"},"modified":"2023-04-13T16:18:27","modified_gmt":"2023-04-13T16:18:27","slug":"schoenes-haar-kommt-von-innen","status":"publish","type":"post","link":"https:\/\/shop.iconikair.com\/index.php\/2023\/04\/13\/schoenes-haar-kommt-von-innen\/","title":{"rendered":"Sch\u00f6nes Haar kommt von innen?"},"content":{"rendered":"\n<p>Sch\u00f6nes Haar kommt von innen?<\/p>\n\n\n\n<p>Ja! Nat\u00fcrlich nicht nur, aber auch. Neben der richtigen Pflege, der richtigen Haarb\u00fcrste, der richtigen Kopfhautpflege und anderen \u00e4u\u00dferen Faktoren (Wetter, Wind, F\u00f6hnen), spielt auch die Ern\u00e4hrung eine wichtige Rolle f\u00fcr die Gesundheit und Beschaffenheit unserer Haare.<\/p>\n\n\n\n<p>Viele Vitamine und weitere N\u00e4hrstoffe haben einen Einfluss auf die Stoffwechselvorg\u00e4nge in unserem K\u00f6rper. Einige davon sind z.B. besonders an der, f\u00fcr sch\u00f6nes und gesundes Haar verantwortlichen Produktion von Keratin verantwortlich.<\/p>\n\n\n\n<p>In Summe solltest du darauf achten, folgende N\u00e4hrstoffe immer ausreichend zu Dir zu nehmen:*<\/p>\n\n\n\n<p>Omega 3 Fetts\u00e4uren (z.B. in Lein\u00f6l, N\u00fcsse, Avocado)<\/p>\n\n\n\n<p>Vitamin B6 (z.B. in Fleisch, Fisch, N\u00fcsse, Vollkorn, Zitrone)<\/p>\n\n\n\n<p>Biotin (z.B. in Sojabohnen, Haferflocken, Champignons)<\/p>\n\n\n\n<p>Fols\u00e4ure (z.B. Gr\u00fcnkohl, Spinat, Rosenkohl, Banane)<\/p>\n\n\n\n<p>Vitamin B 12 (z.B. Fleisch, Eier, Milchprodukte)<\/p>\n\n\n\n<p>Proteine (z.B. in Fleisch, Tierprodukten, Weizenkeimen &amp; K\u00fcrbiskernen)<\/p>\n\n\n\n<p>*bitte beachte, dass diese N\u00e4hrstoffe sich nur auf sch\u00f6nes und gesundes Haar beziehen. Eine ausgewogene Ern\u00e4hrung mit verschiedenen Makro- und Mikron\u00e4hrstoffen sollte aber auch weitere Aspekte einbeziehen.<\/p>\n","protected":false},"excerpt":{"rendered":"<p>Sch\u00f6nes Haar kommt von innen? Ja! Nat\u00fcrlich nicht nur, aber auch. Neben der richtigen Pflege, der richtigen Haarb\u00fcrste, der richtigen Kopfhautpflege und anderen \u00e4u\u00dferen Faktoren (Wetter, Wind, F\u00f6hnen), spielt auch &#8230;<\/p>\n","protected":false},"author":1,"featured_media":3001,"comment_status":"closed","ping_status":"closed","sticky":false,"template":"","format":"standard","meta":{"footnotes":""},"categories":[87],"tags":[],"class_list":["post-3002","post","type-post","status-publish","format-standard","has-post-thumbnail","hentry","category-styling-pflege"],"yoast_head":"<!-- This site is optimized with the Yoast SEO plugin v27.5 - https:\/\/yoast.com\/product\/yoast-seo-wordpress\/ -->\n<title>Sch\u00f6nes Haar kommt von innen? - ICONIKAIR!\u00ae - PATENTED KOREAN HAIR BRUSH REVOLUTION<\/title>\n<meta name=\"robots\" content=\"index, follow, max-snippet:-1, max-image-preview:large, max-video-preview:-1\" \/>\n<link rel=\"canonical\" href=\"https:\/\/shop.iconikair.com\/index.php\/2023\/04\/13\/schoenes-haar-kommt-von-innen\/\" \/>\n<meta property=\"og:locale\" content=\"de_DE\" \/>\n<meta property=\"og:type\" content=\"article\" \/>\n<meta property=\"og:title\" content=\"Sch\u00f6nes Haar kommt von innen? - ICONIKAIR!\u00ae - PATENTED KOREAN HAIR BRUSH REVOLUTION\" \/>\n<meta property=\"og:description\" content=\"Sch\u00f6nes Haar kommt von innen? Ja! Nat\u00fcrlich nicht nur, aber auch. Neben der richtigen Pflege, der richtigen Haarb\u00fcrste, der richtigen Kopfhautpflege und anderen \u00e4u\u00dferen Faktoren (Wetter, Wind, F\u00f6hnen), spielt auch ...\" \/>\n<meta property=\"og:url\" content=\"https:\/\/shop.iconikair.com\/index.php\/2023\/04\/13\/schoenes-haar-kommt-von-innen\/\" \/>\n<meta property=\"og:site_name\" content=\"ICONIKAIR!\u00ae -- PATENTED KOREAN HAIR BRUSH REVOLUTION\" \/>\n<meta property=\"article:publisher\" content=\"https:\/\/www.facebook.com\/ICONIKAIR-103047561126156\/\" \/>\n<meta property=\"article:published_time\" content=\"2023-04-13T16:18:25+00:00\" \/>\n<meta property=\"article:modified_time\" content=\"2023-04-13T16:18:27+00:00\" \/>\n<meta property=\"og:image\" content=\"https:\/\/shop.iconikair.com\/wp-content\/uploads\/2023\/04\/jacopo-maia-gOUx23DNks-unsplash-scaled.jpg\" \/>\n\t<meta property=\"og:image:width\" content=\"2560\" \/>\n\t<meta property=\"og:image:height\" content=\"1707\" \/>\n\t<meta property=\"og:image:type\" content=\"image\/jpeg\" \/>\n<meta name=\"author\" content=\"admin\" \/>\n<meta name=\"twitter:card\" content=\"summary_large_image\" \/>\n<meta name=\"twitter:label1\" content=\"Verfasst von\" \/>\n\t<meta name=\"twitter:data1\" content=\"admin\" \/>\n\t<meta name=\"twitter:label2\" content=\"Gesch\u00e4tzte Lesezeit\" \/>\n\t<meta name=\"twitter:data2\" content=\"1\u00a0Minute\" \/>\n<script type=\"application\/ld+json\" class=\"yoast-schema-graph\">{\"@context\":\"https:\\\/\\\/schema.org\",\"@graph\":[{\"@type\":\"Article\",\"@id\":\"https:\\\/\\\/shop.iconikair.com\\\/index.php\\\/2023\\\/04\\\/13\\\/schoenes-haar-kommt-von-innen\\\/#article\",\"isPartOf\":{\"@id\":\"https:\\\/\\\/shop.iconikair.com\\\/index.php\\\/2023\\\/04\\\/13\\\/schoenes-haar-kommt-von-innen\\\/\"},\"author\":{\"name\":\"admin\",\"@id\":\"https:\\\/\\\/shop.iconikair.com\\\/#\\\/schema\\\/person\\\/c272422f6ed119d154c5f7192abcd333\"},\"headline\":\"Sch\u00f6nes Haar kommt von innen?\",\"datePublished\":\"2023-04-13T16:18:25+00:00\",\"dateModified\":\"2023-04-13T16:18:27+00:00\",\"mainEntityOfPage\":{\"@id\":\"https:\\\/\\\/shop.iconikair.com\\\/index.php\\\/2023\\\/04\\\/13\\\/schoenes-haar-kommt-von-innen\\\/\"},\"wordCount\":193,\"publisher\":{\"@id\":\"https:\\\/\\\/shop.iconikair.com\\\/#organization\"},\"image\":{\"@id\":\"https:\\\/\\\/shop.iconikair.com\\\/index.php\\\/2023\\\/04\\\/13\\\/schoenes-haar-kommt-von-innen\\\/#primaryimage\"},\"thumbnailUrl\":\"https:\\\/\\\/shop.iconikair.com\\\/wp-content\\\/uploads\\\/2023\\\/04\\\/jacopo-maia-gOUx23DNks-unsplash-scaled.jpg\",\"articleSection\":[\"Styling &amp; Pflege\"],\"inLanguage\":\"de\"},{\"@type\":\"WebPage\",\"@id\":\"https:\\\/\\\/shop.iconikair.com\\\/index.php\\\/2023\\\/04\\\/13\\\/schoenes-haar-kommt-von-innen\\\/\",\"url\":\"https:\\\/\\\/shop.iconikair.com\\\/index.php\\\/2023\\\/04\\\/13\\\/schoenes-haar-kommt-von-innen\\\/\",\"name\":\"Sch\u00f6nes Haar kommt von innen? - ICONIKAIR!\u00ae - PATENTED KOREAN HAIR BRUSH REVOLUTION\",\"isPartOf\":{\"@id\":\"https:\\\/\\\/shop.iconikair.com\\\/#website\"},\"primaryImageOfPage\":{\"@id\":\"https:\\\/\\\/shop.iconikair.com\\\/index.php\\\/2023\\\/04\\\/13\\\/schoenes-haar-kommt-von-innen\\\/#primaryimage\"},\"image\":{\"@id\":\"https:\\\/\\\/shop.iconikair.com\\\/index.php\\\/2023\\\/04\\\/13\\\/schoenes-haar-kommt-von-innen\\\/#primaryimage\"},\"thumbnailUrl\":\"https:\\\/\\\/shop.iconikair.com\\\/wp-content\\\/uploads\\\/2023\\\/04\\\/jacopo-maia-gOUx23DNks-unsplash-scaled.jpg\",\"datePublished\":\"2023-04-13T16:18:25+00:00\",\"dateModified\":\"2023-04-13T16:18:27+00:00\",\"breadcrumb\":{\"@id\":\"https:\\\/\\\/shop.iconikair.com\\\/index.php\\\/2023\\\/04\\\/13\\\/schoenes-haar-kommt-von-innen\\\/#breadcrumb\"},\"inLanguage\":\"de\",\"potentialAction\":[{\"@type\":\"ReadAction\",\"target\":[\"https:\\\/\\\/shop.iconikair.com\\\/index.php\\\/2023\\\/04\\\/13\\\/schoenes-haar-kommt-von-innen\\\/\"]}]},{\"@type\":\"ImageObject\",\"inLanguage\":\"de\",\"@id\":\"https:\\\/\\\/shop.iconikair.com\\\/index.php\\\/2023\\\/04\\\/13\\\/schoenes-haar-kommt-von-innen\\\/#primaryimage\",\"url\":\"https:\\\/\\\/shop.iconikair.com\\\/wp-content\\\/uploads\\\/2023\\\/04\\\/jacopo-maia-gOUx23DNks-unsplash-scaled.jpg\",\"contentUrl\":\"https:\\\/\\\/shop.iconikair.com\\\/wp-content\\\/uploads\\\/2023\\\/04\\\/jacopo-maia-gOUx23DNks-unsplash-scaled.jpg\",\"width\":2560,\"height\":1707},{\"@type\":\"BreadcrumbList\",\"@id\":\"https:\\\/\\\/shop.iconikair.com\\\/index.php\\\/2023\\\/04\\\/13\\\/schoenes-haar-kommt-von-innen\\\/#breadcrumb\",\"itemListElement\":[{\"@type\":\"ListItem\",\"position\":1,\"name\":\"Startseite\",\"item\":\"https:\\\/\\\/shop.iconikair.com\\\/\"},{\"@type\":\"ListItem\",\"position\":2,\"name\":\"Sch\u00f6nes Haar kommt von innen?\"}]},{\"@type\":\"WebSite\",\"@id\":\"https:\\\/\\\/shop.iconikair.com\\\/#website\",\"url\":\"https:\\\/\\\/shop.iconikair.com\\\/\",\"name\":\"ICONIKAIR!\u00ae\",\"description\":\"Das Original aus S\u00fcdkorea!\",\"publisher\":{\"@id\":\"https:\\\/\\\/shop.iconikair.com\\\/#organization\"},\"potentialAction\":[{\"@type\":\"SearchAction\",\"target\":{\"@type\":\"EntryPoint\",\"urlTemplate\":\"https:\\\/\\\/shop.iconikair.com\\\/?s={search_term_string}\"},\"query-input\":{\"@type\":\"PropertyValueSpecification\",\"valueRequired\":true,\"valueName\":\"search_term_string\"}}],\"inLanguage\":\"de\"},{\"@type\":\"Organization\",\"@id\":\"https:\\\/\\\/shop.iconikair.com\\\/#organization\",\"name\":\"ICONIKAIR!\",\"url\":\"https:\\\/\\\/shop.iconikair.com\\\/\",\"logo\":{\"@type\":\"ImageObject\",\"inLanguage\":\"de\",\"@id\":\"https:\\\/\\\/shop.iconikair.com\\\/#\\\/schema\\\/logo\\\/image\\\/\",\"url\":\"https:\\\/\\\/shop.iconikair.com\\\/wp-content\\\/uploads\\\/2020\\\/01\\\/LOGO-BLACK-jpeg-scaled.jpg\",\"contentUrl\":\"https:\\\/\\\/shop.iconikair.com\\\/wp-content\\\/uploads\\\/2020\\\/01\\\/LOGO-BLACK-jpeg-scaled.jpg\",\"width\":2560,\"height\":685,\"caption\":\"ICONIKAIR!\"},\"image\":{\"@id\":\"https:\\\/\\\/shop.iconikair.com\\\/#\\\/schema\\\/logo\\\/image\\\/\"},\"sameAs\":[\"https:\\\/\\\/www.facebook.com\\\/ICONIKAIR-103047561126156\\\/\",\"https:\\\/\\\/www.instagram.com\\\/iconikair\\\/\"]},{\"@type\":\"Person\",\"@id\":\"https:\\\/\\\/shop.iconikair.com\\\/#\\\/schema\\\/person\\\/c272422f6ed119d154c5f7192abcd333\",\"name\":\"admin\"}]}<\/script>\n<!-- \/ Yoast SEO plugin. -->","yoast_head_json":{"title":"Sch\u00f6nes Haar kommt von innen? - ICONIKAIR!\u00ae - PATENTED KOREAN HAIR BRUSH REVOLUTION","robots":{"index":"index","follow":"follow","max-snippet":"max-snippet:-1","max-image-preview":"max-image-preview:large","max-video-preview":"max-video-preview:-1"},"canonical":"https:\/\/shop.iconikair.com\/index.php\/2023\/04\/13\/schoenes-haar-kommt-von-innen\/","og_locale":"de_DE","og_type":"article","og_title":"Sch\u00f6nes Haar kommt von innen? - ICONIKAIR!\u00ae - PATENTED KOREAN HAIR BRUSH REVOLUTION","og_description":"Sch\u00f6nes Haar kommt von innen? Ja! Nat\u00fcrlich nicht nur, aber auch. Neben der richtigen Pflege, der richtigen Haarb\u00fcrste, der richtigen Kopfhautpflege und anderen \u00e4u\u00dferen Faktoren (Wetter, Wind, F\u00f6hnen), spielt auch ...","og_url":"https:\/\/shop.iconikair.com\/index.php\/2023\/04\/13\/schoenes-haar-kommt-von-innen\/","og_site_name":"ICONIKAIR!\u00ae -- PATENTED KOREAN HAIR BRUSH REVOLUTION","article_publisher":"https:\/\/www.facebook.com\/ICONIKAIR-103047561126156\/","article_published_time":"2023-04-13T16:18:25+00:00","article_modified_time":"2023-04-13T16:18:27+00:00","og_image":[{"width":2560,"height":1707,"url":"https:\/\/shop.iconikair.com\/wp-content\/uploads\/2023\/04\/jacopo-maia-gOUx23DNks-unsplash-scaled.jpg","type":"image\/jpeg"}],"author":"admin","twitter_card":"summary_large_image","twitter_misc":{"Verfasst von":"admin","Gesch\u00e4tzte Lesezeit":"1\u00a0Minute"},"schema":{"@context":"https:\/\/schema.org","@graph":[{"@type":"Article","@id":"https:\/\/shop.iconikair.com\/index.php\/2023\/04\/13\/schoenes-haar-kommt-von-innen\/#article","isPartOf":{"@id":"https:\/\/shop.iconikair.com\/index.php\/2023\/04\/13\/schoenes-haar-kommt-von-innen\/"},"author":{"name":"admin","@id":"https:\/\/shop.iconikair.com\/#\/schema\/person\/c272422f6ed119d154c5f7192abcd333"},"headline":"Sch\u00f6nes Haar kommt von innen?","datePublished":"2023-04-13T16:18:25+00:00","dateModified":"2023-04-13T16:18:27+00:00","mainEntityOfPage":{"@id":"https:\/\/shop.iconikair.com\/index.php\/2023\/04\/13\/schoenes-haar-kommt-von-innen\/"},"wordCount":193,"publisher":{"@id":"https:\/\/shop.iconikair.com\/#organization"},"image":{"@id":"https:\/\/shop.iconikair.com\/index.php\/2023\/04\/13\/schoenes-haar-kommt-von-innen\/#primaryimage"},"thumbnailUrl":"https:\/\/shop.iconikair.com\/wp-content\/uploads\/2023\/04\/jacopo-maia-gOUx23DNks-unsplash-scaled.jpg","articleSection":["Styling &amp; Pflege"],"inLanguage":"de"},{"@type":"WebPage","@id":"https:\/\/shop.iconikair.com\/index.php\/2023\/04\/13\/schoenes-haar-kommt-von-innen\/","url":"https:\/\/shop.iconikair.com\/index.php\/2023\/04\/13\/schoenes-haar-kommt-von-innen\/","name":"Sch\u00f6nes Haar kommt von innen? - ICONIKAIR!\u00ae - PATENTED KOREAN HAIR BRUSH REVOLUTION","isPartOf":{"@id":"https:\/\/shop.iconikair.com\/#website"},"primaryImageOfPage":{"@id":"https:\/\/shop.iconikair.com\/index.php\/2023\/04\/13\/schoenes-haar-kommt-von-innen\/#primaryimage"},"image":{"@id":"https:\/\/shop.iconikair.com\/index.php\/2023\/04\/13\/schoenes-haar-kommt-von-innen\/#primaryimage"},"thumbnailUrl":"https:\/\/shop.iconikair.com\/wp-content\/uploads\/2023\/04\/jacopo-maia-gOUx23DNks-unsplash-scaled.jpg","datePublished":"2023-04-13T16:18:25+00:00","dateModified":"2023-04-13T16:18:27+00:00","breadcrumb":{"@id":"https:\/\/shop.iconikair.com\/index.php\/2023\/04\/13\/schoenes-haar-kommt-von-innen\/#breadcrumb"},"inLanguage":"de","potentialAction":[{"@type":"ReadAction","target":["https:\/\/shop.iconikair.com\/index.php\/2023\/04\/13\/schoenes-haar-kommt-von-innen\/"]}]},{"@type":"ImageObject","inLanguage":"de","@id":"https:\/\/shop.iconikair.com\/index.php\/2023\/04\/13\/schoenes-haar-kommt-von-innen\/#primaryimage","url":"https:\/\/shop.iconikair.com\/wp-content\/uploads\/2023\/04\/jacopo-maia-gOUx23DNks-unsplash-scaled.jpg","contentUrl":"https:\/\/shop.iconikair.com\/wp-content\/uploads\/2023\/04\/jacopo-maia-gOUx23DNks-unsplash-scaled.jpg","width":2560,"height":1707},{"@type":"BreadcrumbList","@id":"https:\/\/shop.iconikair.com\/index.php\/2023\/04\/13\/schoenes-haar-kommt-von-innen\/#breadcrumb","itemListElement":[{"@type":"ListItem","position":1,"name":"Startseite","item":"https:\/\/shop.iconikair.com\/"},{"@type":"ListItem","position":2,"name":"Sch\u00f6nes Haar kommt von innen?"}]},{"@type":"WebSite","@id":"https:\/\/shop.iconikair.com\/#website","url":"https:\/\/shop.iconikair.com\/","name":"ICONIKAIR!\u00ae","description":"Das Original aus S\u00fcdkorea!","publisher":{"@id":"https:\/\/shop.iconikair.com\/#organization"},"potentialAction":[{"@type":"SearchAction","target":{"@type":"EntryPoint","urlTemplate":"https:\/\/shop.iconikair.com\/?s={search_term_string}"},"query-input":{"@type":"PropertyValueSpecification","valueRequired":true,"valueName":"search_term_string"}}],"inLanguage":"de"},{"@type":"Organization","@id":"https:\/\/shop.iconikair.com\/#organization","name":"ICONIKAIR!","url":"https:\/\/shop.iconikair.com\/","logo":{"@type":"ImageObject","inLanguage":"de","@id":"https:\/\/shop.iconikair.com\/#\/schema\/logo\/image\/","url":"https:\/\/shop.iconikair.com\/wp-content\/uploads\/2020\/01\/LOGO-BLACK-jpeg-scaled.jpg","contentUrl":"https:\/\/shop.iconikair.com\/wp-content\/uploads\/2020\/01\/LOGO-BLACK-jpeg-scaled.jpg","width":2560,"height":685,"caption":"ICONIKAIR!"},"image":{"@id":"https:\/\/shop.iconikair.com\/#\/schema\/logo\/image\/"},"sameAs":["https:\/\/www.facebook.com\/ICONIKAIR-103047561126156\/","https:\/\/www.instagram.com\/iconikair\/"]},{"@type":"Person","@id":"https:\/\/shop.iconikair.com\/#\/schema\/person\/c272422f6ed119d154c5f7192abcd333","name":"admin"}]}},"jetpack_featured_media_url":"https:\/\/shop.iconikair.com\/wp-content\/uploads\/2023\/04\/jacopo-maia-gOUx23DNks-unsplash-scaled.jpg","_links":{"self":[{"href":"https:\/\/shop.iconikair.com\/index.php\/wp-json\/wp\/v2\/posts\/3002","targetHints":{"allow":["GET"]}}],"collection":[{"href":"https:\/\/shop.iconikair.com\/index.php\/wp-json\/wp\/v2\/posts"}],"about":[{"href":"https:\/\/shop.iconikair.com\/index.php\/wp-json\/wp\/v2\/types\/post"}],"author":[{"embeddable":true,"href":"https:\/\/shop.iconikair.com\/index.php\/wp-json\/wp\/v2\/users\/1"}],"replies":[{"embeddable":true,"href":"https:\/\/shop.iconikair.com\/index.php\/wp-json\/wp\/v2\/comments?post=3002"}],"version-history":[{"count":1,"href":"https:\/\/shop.iconikair.com\/index.php\/wp-json\/wp\/v2\/posts\/3002\/revisions"}],"predecessor-version":[{"id":3003,"href":"https:\/\/shop.iconikair.com\/index.php\/wp-json\/wp\/v2\/posts\/3002\/revisions\/3003"}],"wp:featuredmedia":[{"embeddable":true,"href":"https:\/\/shop.iconikair.com\/index.php\/wp-json\/wp\/v2\/media\/3001"}],"wp:attachment":[{"href":"https:\/\/shop.iconikair.com\/index.php\/wp-json\/wp\/v2\/media?parent=3002"}],"wp:term":[{"taxonomy":"category","embeddable":true,"href":"https:\/\/shop.iconikair.com\/index.php\/wp-json\/wp\/v2\/categories?post=3002"},{"taxonomy":"post_tag","embeddable":true,"href":"https:\/\/shop.iconikair.com\/index.php\/wp-json\/wp\/v2\/tags?post=3002"}],"curies":[{"name":"wp","href":"https:\/\/api.w.org\/{rel}","templated":true}]}}